{"id":105,"date":"2006-04-17T12:56:25","date_gmt":"2006-04-17T11:56:25","guid":{"rendered":"http:\/\/arf1.de\/wordpress\/?p=105"},"modified":"2006-04-17T12:58:23","modified_gmt":"2006-04-17T11:58:23","slug":"alt-ist-relativ","status":"publish","type":"post","link":"https:\/\/arf1.de\/wordpress\/?p=105","title":{"rendered":"alt ist relativ"},"content":{"rendered":"<blockquote><p>Das gro\u00c3\u0178e Gl\u00c3\u00bcck noch jung zu sein,<br \/>\nsieht mancher Mensch als Kind nicht ein,<br \/>\nund m\u00c3\u00b6chte, dass er ungef\u00c3\u00a4hr<br \/>\nso sechzehn oder achtzehn w\u00c3\u00a4r.<\/p>\n<p>Doch schon mit achtzehn denkt er, halt &#8211;<br \/>\nwer \u00c3\u00bcber zwanzig ist, ist alt.<br \/>\nKaum ist die Zwanzig knapp geschafft,<br \/>\nerscheint die Vierzig greisenhaft.<\/p>\n<p>Und dann die Vierzig, welche Wende &#8211;<br \/>\ndie F\u00c3\u00bcnfzig gilt beinah als Ende.<br \/>\nDoch nach der F\u00c3\u00bcnfzig peu a peu<br \/>\nschraubt man das Ende in die H\u00c3\u00b6h&#8217;.<\/p>\n<p>Die Sechzig scheint noch ganz passabel<br \/>\nund erst die Siebzig miserabel.<br \/>\nMit siebzig aber hofft man still:<br \/>\nIch werde achtzig, so Gott will.<\/p>\n<p>Und wer die Achtzig \u00c3\u00bcberlebt,<br \/>\nzielstrebig auf die Neunzig geht.<br \/>\nDort angelangt z\u00c3\u00a4hlt man geschwind<br \/>\ndie Leute, die noch \u00c3\u00a4lter sind.<\/p>\n<p>Gerhard Grotsch, ca. 1964<\/p><\/blockquote>\n<p>Leider fehlt das Alter, dass mich pers\u00c3\u00b6nlich momentan am meisten erschreckt. Die 30!<\/p>\n","protected":false},"excerpt":{"rendered":"<p>Das gro\u00c3\u0178e Gl\u00c3\u00bcck noch jung zu sein, sieht mancher Mensch als Kind nicht ein, und m\u00c3\u00b6chte, dass er ungef\u00c3\u00a4hr so sechzehn oder achtzehn w\u00c3\u00a4r. Doch schon mit achtzehn denkt er, halt &#8211; wer \u00c3\u00bcber zwanzig ist, ist alt. Kaum ist die Zwanzig knapp geschafft, erscheint die Vierzig greisenhaft. Und dann die Vierzig, welche Wende &#8211; [&hellip;]<\/p>\n","protected":false},"author":1,"featured_media":0,"comment_status":"open","ping_status":"open","sticky":false,"template":"","format":"standard","meta":{"ngg_post_thumbnail":0,"footnotes":""},"categories":[2],"tags":[],"class_list":["post-105","post","type-post","status-publish","format-standard","hentry","category-general"],"_links":{"self":[{"href":"https:\/\/arf1.de\/wordpress\/index.php?rest_route=\/wp\/v2\/posts\/105","targetHints":{"allow":["GET"]}}],"collection":[{"href":"https:\/\/arf1.de\/wordpress\/index.php?rest_route=\/wp\/v2\/posts"}],"about":[{"href":"https:\/\/arf1.de\/wordpress\/index.php?rest_route=\/wp\/v2\/types\/post"}],"author":[{"embeddable":true,"href":"https:\/\/arf1.de\/wordpress\/index.php?rest_route=\/wp\/v2\/users\/1"}],"replies":[{"embeddable":true,"href":"https:\/\/arf1.de\/wordpress\/index.php?rest_route=%2Fwp%2Fv2%2Fcomments&post=105"}],"version-history":[{"count":0,"href":"https:\/\/arf1.de\/wordpress\/index.php?rest_route=\/wp\/v2\/posts\/105\/revisions"}],"wp:attachment":[{"href":"https:\/\/arf1.de\/wordpress\/index.php?rest_route=%2Fwp%2Fv2%2Fmedia&parent=105"}],"wp:term":[{"taxonomy":"category","embeddable":true,"href":"https:\/\/arf1.de\/wordpress\/index.php?rest_route=%2Fwp%2Fv2%2Fcategories&post=105"},{"taxonomy":"post_tag","embeddable":true,"href":"https:\/\/arf1.de\/wordpress\/index.php?rest_route=%2Fwp%2Fv2%2Ftags&post=105"}],"curies":[{"name":"wp","href":"https:\/\/api.w.org\/{rel}","templated":true}]}}