{"id":1497,"date":"2010-05-20T22:45:53","date_gmt":"2010-05-20T22:45:53","guid":{"rendered":"http:\/\/arf1.de\/wordpress\/?p=1497"},"modified":"2010-05-20T22:45:53","modified_gmt":"2010-05-20T22:45:53","slug":"eyfa-ejlafal-eyjalayfa-eylaljokall-aah-der-islandische-vulkan","status":"publish","type":"post","link":"https:\/\/arf1.de\/wordpress\/?p=1497","title":{"rendered":"Eyfa&#8230; Ejlafal&#8230; Eyjalayfa&#8230; Eylalj\u00c3\u00b6kall&#8230; \u00c3\u00a4\u00c3\u00a4h &#8211; der isl\u00c3\u00a4ndische Vulkan"},"content":{"rendered":"<p>Wie Sebastian neulich <a title=\"Die Masche mit der Asche\" href=\"http:\/\/st.arf1.de\/wordpress\/2010\/04\/die-masche-mit-der-asche\/\">festgestellt hat<\/a>, dr\u00c3\u00bccken sich viele Menschen davor (z.B. Journalisten, Nachrichtensprecher, ich), den aschespeienden isl\u00c3\u00a4ndischen Gletschers bei seinem Namen zu nennen. Mittlerweile macht sich sogar in den geschriebenen Nachrichten Nachl\u00c3\u00a4ssigkeit bemerkbar und so wird sich z.B. <a title=\"Eine neue Aschewolke zieht vom Vulkan Eyjafj\u00c3\u00b6ll \u00c3\u00bcber die britischen Inseln. \" href=\"http:\/\/www.tagesschau.de\/ausland\/vulkanasche128.html\">bei tagesschau.de <\/a>einer anscheinend abgek\u00c3\u00bcrzten Form bedient: Eyjafj\u00c3\u00b6ll.<\/p>\n<p>Ob nun Eyjafj\u00c3\u00b6ll, &#8220;der isl\u00c3\u00a4ndische Vulkan&#8221; oder &#8220;das Aschemistding wegen dem mein Flug annuliert wurde&#8221; &#8211; die Auswirkungen haben wir besonders hier in England zu sp\u00c3\u00bcren bekommen. In der ersten gro\u00c3\u0178en Phase der Flugausf\u00c3\u00a4lle konnte ich nicht zu Frank&amp;Nicoles Hochzeit anreisen. Sehr unsch\u00c3\u00b6n.<\/p>\n<p>Vergangenes Wochenende dann konnte Bettina nicht wie geplant Sonntag abend zur\u00c3\u00bcckfliegen, sondern sa\u00c3\u0178 bis Dienstag fr\u00c3\u00bch bei mir in England fest. Um ehrlich zu sein, das hat mich fast wieder vers\u00c3\u00b6hnt mit Eyjafjallaj\u00c3\u00b6kull.<\/p>\n","protected":false},"excerpt":{"rendered":"<p>Wie Sebastian neulich festgestellt hat, dr\u00c3\u00bccken sich viele Menschen davor (z.B. Journalisten, Nachrichtensprecher, ich), den aschespeienden isl\u00c3\u00a4ndischen Gletschers bei seinem Namen zu nennen. Mittlerweile macht sich sogar in den geschriebenen Nachrichten Nachl\u00c3\u00a4ssigkeit bemerkbar und so wird sich z.B. bei tagesschau.de einer anscheinend abgek\u00c3\u00bcrzten Form bedient: Eyjafj\u00c3\u00b6ll. Ob nun Eyjafj\u00c3\u00b6ll, &#8220;der isl\u00c3\u00a4ndische Vulkan&#8221; oder &#8220;das Aschemistding [&hellip;]<\/p>\n","protected":false},"author":1,"featured_media":0,"comment_status":"open","ping_status":"open","sticky":false,"template":"","format":"standard","meta":{"ngg_post_thumbnail":0,"footnotes":""},"categories":[2,17,944],"tags":[984,980,981,947,985,982,258,990,753,987,986,991,983,989,988,679],"class_list":["post-1497","post","type-post","status-publish","format-standard","hentry","category-general","category-im-netz","category-leben-in-england","tag-abkurzung","tag-asche","tag-aschewolke","tag-england","tag-eyjafjallajokull","tag-eyjafjoll","tag-flug","tag-flugausfall","tag-gletscher","tag-hochzeit","tag-island","tag-nachlassig","tag-nachrichten","tag-name","tag-schwierig","tag-vulkan"],"_links":{"self":[{"href":"https:\/\/arf1.de\/wordpress\/index.php?rest_route=\/wp\/v2\/posts\/1497","targetHints":{"allow":["GET"]}}],"collection":[{"href":"https:\/\/arf1.de\/wordpress\/index.php?rest_route=\/wp\/v2\/posts"}],"about":[{"href":"https:\/\/arf1.de\/wordpress\/index.php?rest_route=\/wp\/v2\/types\/post"}],"author":[{"embeddable":true,"href":"https:\/\/arf1.de\/wordpress\/index.php?rest_route=\/wp\/v2\/users\/1"}],"replies":[{"embeddable":true,"href":"https:\/\/arf1.de\/wordpress\/index.php?rest_route=%2Fwp%2Fv2%2Fcomments&post=1497"}],"version-history":[{"count":4,"href":"https:\/\/arf1.de\/wordpress\/index.php?rest_route=\/wp\/v2\/posts\/1497\/revisions"}],"predecessor-version":[{"id":1501,"href":"https:\/\/arf1.de\/wordpress\/index.php?rest_route=\/wp\/v2\/posts\/1497\/revisions\/1501"}],"wp:attachment":[{"href":"https:\/\/arf1.de\/wordpress\/index.php?rest_route=%2Fwp%2Fv2%2Fmedia&parent=1497"}],"wp:term":[{"taxonomy":"category","embeddable":true,"href":"https:\/\/arf1.de\/wordpress\/index.php?rest_route=%2Fwp%2Fv2%2Fcategories&post=1497"},{"taxonomy":"post_tag","embeddable":true,"href":"https:\/\/arf1.de\/wordpress\/index.php?rest_route=%2Fwp%2Fv2%2Ftags&post=1497"}],"curies":[{"name":"wp","href":"https:\/\/api.w.org\/{rel}","templated":true}]}}