{"id":373,"date":"2007-04-16T12:27:48","date_gmt":"2007-04-16T10:27:48","guid":{"rendered":"http:\/\/arf1.de\/wordpress\/?p=373"},"modified":"2007-12-19T13:41:16","modified_gmt":"2007-12-19T12:41:16","slug":"der-erste-oled-fernseher-geht-in-serie","status":"publish","type":"post","link":"https:\/\/arf1.de\/wordpress\/?p=373","title":{"rendered":"Der erste OLED-Fernseher geht in Serie"},"content":{"rendered":"<p>Noch dieses Jahr will Sony den ersten <a href=\"http:\/\/www.golem.de\/0704\/51642.html\" title=\"Artikel bei golem.de: OLED-Fernseher von Toshiba und Sony\">OLED-Fernseher in Serie<\/a> gehen lassen. Der hat dann zwar nur 11 Zoll Bildschirmdiagonale und wird noch ziemlich teuer sein, aber es ist ein Anfang.<\/p>\n<p>\u00c3\u0153brigens, ich habe n\u00c3\u00a4chsten Monat Geburtstag&#8230; hint, hint! ;-)<\/p>\n<p>Danke an <a href=\"http:\/\/swing-tanzen-verboten.de\/wordpress\">Chris<\/a> f\u00c3\u00bcr den Link.<\/p>\n<p>p.s.: Das Modell hei\u00c3\u0178t &#8220;XEL-1&#8221;.<\/p>\n","protected":false},"excerpt":{"rendered":"<p>Noch dieses Jahr will Sony den ersten OLED-Fernseher in Serie gehen lassen. Der hat dann zwar nur 11 Zoll Bildschirmdiagonale und wird noch ziemlich teuer sein, aber es ist ein Anfang. \u00c3\u0153brigens, ich habe n\u00c3\u00a4chsten Monat Geburtstag&#8230; hint, hint! ;-) Danke an Chris f\u00c3\u00bcr den Link. p.s.: Das Modell hei\u00c3\u0178t &#8220;XEL-1&#8221;.<\/p>\n","protected":false},"author":1,"featured_media":0,"comment_status":"open","ping_status":"open","sticky":false,"template":"","format":"standard","meta":{"ngg_post_thumbnail":0,"footnotes":""},"categories":[8],"tags":[],"class_list":["post-373","post","type-post","status-publish","format-standard","hentry","category-uni"],"_links":{"self":[{"href":"https:\/\/arf1.de\/wordpress\/index.php?rest_route=\/wp\/v2\/posts\/373","targetHints":{"allow":["GET"]}}],"collection":[{"href":"https:\/\/arf1.de\/wordpress\/index.php?rest_route=\/wp\/v2\/posts"}],"about":[{"href":"https:\/\/arf1.de\/wordpress\/index.php?rest_route=\/wp\/v2\/types\/post"}],"author":[{"embeddable":true,"href":"https:\/\/arf1.de\/wordpress\/index.php?rest_route=\/wp\/v2\/users\/1"}],"replies":[{"embeddable":true,"href":"https:\/\/arf1.de\/wordpress\/index.php?rest_route=%2Fwp%2Fv2%2Fcomments&post=373"}],"version-history":[{"count":0,"href":"https:\/\/arf1.de\/wordpress\/index.php?rest_route=\/wp\/v2\/posts\/373\/revisions"}],"wp:attachment":[{"href":"https:\/\/arf1.de\/wordpress\/index.php?rest_route=%2Fwp%2Fv2%2Fmedia&parent=373"}],"wp:term":[{"taxonomy":"category","embeddable":true,"href":"https:\/\/arf1.de\/wordpress\/index.php?rest_route=%2Fwp%2Fv2%2Fcategories&post=373"},{"taxonomy":"post_tag","embeddable":true,"href":"https:\/\/arf1.de\/wordpress\/index.php?rest_route=%2Fwp%2Fv2%2Ftags&post=373"}],"curies":[{"name":"wp","href":"https:\/\/api.w.org\/{rel}","templated":true}]}}