{"id":385,"date":"2007-05-14T13:41:35","date_gmt":"2007-05-14T11:41:35","guid":{"rendered":"http:\/\/arf1.de\/wordpress\/?p=385"},"modified":"2007-11-13T01:02:10","modified_gmt":"2007-11-13T00:02:10","slug":"abschied-vom-rechtsstaat-das-kann-auch-die-eu","status":"publish","type":"post","link":"https:\/\/arf1.de\/wordpress\/?p=385","title":{"rendered":"Abschied vom Rechtsstaat? Das kann auch die EU&#8230;"},"content":{"rendered":"<p>Bei Telepolis bin ich neulich \u00c3\u00bcber einen interessanten <a href=\"http:\/\/www.heise.de\/tp\/r4\/artikel\/25\/25188\/1.html\" title=\"Telepolis: Existenzvernichtung per Willk\u00c3\u00bcrakt\">Artikel \u00c3\u00bcber die europ\u00c3\u00a4ische Terror-Liste<\/a> gestolpert.<\/p>\n<p>F\u00c3\u00bcr die eiligen Leser ein paar Ausz\u00c3\u00bcge:<\/p>\n<blockquote><p>EU-Terrorliste: undemokratisch und rechtsstaatswidrig (&#8230;)<!--more--><\/p>\n<p>Wie und warum welche Gruppe oder Person auf die Liste ger\u00c3\u00a4t, ist ohnehin vollkommen undurchsichtig; jedenfalls bedarf es keines richterlichen Beschlusses, sondern es soll schon ausreichen, dass einzelne Regierungen \u00e2\u20ac\u201c nach eigenem Ermessen und ohne nachpr\u00c3\u00bcfbare Grundlagen und Begr\u00c3\u00bcndung \u00e2\u20ac\u201c dies im schriftlichen Verfahren vorschlagen bzw. fordern. Wenn dem nicht ausdr\u00c3\u00bccklich widersprochen wird, ist die Listung perfekt. (&#8230;)<\/p>\n<p>Kein rechtliches Geh\u00c3\u00b6r und ohne Rechtsschutz: Obwohl zahlreiche Grundrechte der aufgelisteten Einzelpersonen und Organisationen verletzt werden (Versammlungsfreiheit, Vereinigungsfreiheit, Meinungsfreiheit, Recht auf Eigentum, Recht auf rechtliches Geh\u00c3\u00b6r, Recht auf Verteidigung, Rechtsweggarantie, Verh\u00c3\u00a4ltnism\u00c3\u00a4\u00c3\u0178igkeitsgrundsatz u.a.), wird rechtliches Geh\u00c3\u00b6r gegen den Beschluss, der die Mitgliedsstaaten bindet, nicht gew\u00c3\u00a4hrt und eine \u00c3\u0153berpr\u00c3\u00bcfung der Entscheidungen durch unabh\u00c3\u00a4ngige Gerichte ist nicht vorgesehen. Den Sanktionsma\u00c3\u0178nahmen sind die Betroffenen also schutz- und wehrlos ausgeliefert. (&#8230;)<\/p>\n<p>Das Begehen von Gewaltakten ist im \u00c3\u0153brigen keine Voraussetzung, um auf dieser Liste zu landen. Der Befreiungskampf des s\u00c3\u00bcdafrikanischen ANC gegen das ehemalige Apartheid-Regime in S\u00c3\u00bcdafrika w\u00c3\u00bcrde heute ganz selbstverst\u00c3\u00a4ndlich unter die Terrordefinition der EU fallen.<\/p><\/blockquote>\n","protected":false},"excerpt":{"rendered":"<p>Bei Telepolis bin ich neulich \u00c3\u00bcber einen interessanten Artikel \u00c3\u00bcber die europ\u00c3\u00a4ische Terror-Liste gestolpert. F\u00c3\u00bcr die eiligen Leser ein paar Ausz\u00c3\u00bcge: EU-Terrorliste: undemokratisch und rechtsstaatswidrig (&#8230;)<\/p>\n","protected":false},"author":1,"featured_media":0,"comment_status":"open","ping_status":"open","sticky":false,"template":"","format":"standard","meta":{"ngg_post_thumbnail":0,"footnotes":""},"categories":[5,17,83],"tags":[124,125,113],"class_list":["post-385","post","type-post","status-publish","format-standard","hentry","category-gezeter","category-im-netz","category-politik","tag-eu","tag-grundrechte","tag-terror"],"_links":{"self":[{"href":"https:\/\/arf1.de\/wordpress\/index.php?rest_route=\/wp\/v2\/posts\/385","targetHints":{"allow":["GET"]}}],"collection":[{"href":"https:\/\/arf1.de\/wordpress\/index.php?rest_route=\/wp\/v2\/posts"}],"about":[{"href":"https:\/\/arf1.de\/wordpress\/index.php?rest_route=\/wp\/v2\/types\/post"}],"author":[{"embeddable":true,"href":"https:\/\/arf1.de\/wordpress\/index.php?rest_route=\/wp\/v2\/users\/1"}],"replies":[{"embeddable":true,"href":"https:\/\/arf1.de\/wordpress\/index.php?rest_route=%2Fwp%2Fv2%2Fcomments&post=385"}],"version-history":[{"count":0,"href":"https:\/\/arf1.de\/wordpress\/index.php?rest_route=\/wp\/v2\/posts\/385\/revisions"}],"wp:attachment":[{"href":"https:\/\/arf1.de\/wordpress\/index.php?rest_route=%2Fwp%2Fv2%2Fmedia&parent=385"}],"wp:term":[{"taxonomy":"category","embeddable":true,"href":"https:\/\/arf1.de\/wordpress\/index.php?rest_route=%2Fwp%2Fv2%2Fcategories&post=385"},{"taxonomy":"post_tag","embeddable":true,"href":"https:\/\/arf1.de\/wordpress\/index.php?rest_route=%2Fwp%2Fv2%2Ftags&post=385"}],"curies":[{"name":"wp","href":"https:\/\/api.w.org\/{rel}","templated":true}]}}