{"id":504,"date":"2007-11-12T23:25:41","date_gmt":"2007-11-12T22:25:41","guid":{"rendered":"http:\/\/arf1.de\/wordpress\/?p=504"},"modified":"2008-02-13T14:56:14","modified_gmt":"2008-02-13T13:56:14","slug":"elektronische-fusfesseln-fur-langzeitarbeitslose","status":"publish","type":"post","link":"https:\/\/arf1.de\/wordpress\/?p=504","title":{"rendered":"Elektronische Fu\u00c3\u0178fesseln f\u00c3\u00bcr Langzeitarbeitslose"},"content":{"rendered":"<p>Christean Wagner (CDU), gab 2005 als hessicher Justizminister eine denkw\u00c3\u00bcrdige Pressemitteilung heraus. Gar nicht so erstaunlicherweise war die zwar schon nach wenigen Tagen nicht mehr verf\u00c3\u00bcgbar, aber ein Kollege von mir hatte sie damals rechtzeitig selbst von der Homepage des Ministeriums heruntergeladen. Und mir heute gezeigt (Danke, Niels!).<\/p>\n<p>Der gro\u00c3\u0178artige Satz daraus lautet: &#8220;Die elektronische Fu\u00c3\u0178fessel bietet damit auch Langzeitarbeitslosen und therapierten Suchtkranken die Chance, zu einem geregelten Tagesablauf zur\u00c3\u00bcckzukehren und in ein Arbeitsverh\u00c3\u00a4ltnis vermittelt zu werden.&#8221;<\/p>\n<p>Aber besser selbst lesen. <a href=\"http:\/\/arf1.de\/wordpress\/wp-content\/uploads\/2007\/11\/elektronische-fussfesseln-1.jpg\" title=\"Elektronische Fu\u00c3\u0178fesseln f\u00c3\u00bcr Langzeitarbeitslose - Seite 1\">Seite 1<\/a>, <a href=\"http:\/\/arf1.de\/wordpress\/wp-content\/uploads\/2007\/11\/elektronische-fussfesseln-2.jpg\" title=\"Elektronische Fu\u00c3\u0178fesseln f\u00c3\u00bcr Langzeitarbeitslose - Seite 2\">Seite2<\/a>.<\/p>\n<p>Gro\u00c3\u0178es Kino, das damals wohl auch f\u00c3\u00bcr einige Aufregung sorgte. Dabei war das nat\u00c3\u00bcrlich alles nur ein gro\u00c3\u0178es Missverst\u00c3\u00a4ndnis und <a href=\"http:\/\/de.wikinews.org\/wiki\/Aussage_des_hessischen_Justizministers_Wagner_wegen_der_elektronischen_Fu%C3%9Ffessel_wurde_als_Missverst%C3%A4ndnis_dargestellt\" title=\"Wikinews: Aussage des hessischen Justizministers Wagner wegen der elektronischen Fu\u00c3\u0178fessel wurde als Missverst\u00c3\u00a4ndnis dargestellt\">nicht so gemeint<\/a>. Na dann&#8230;<\/p>\n","protected":false},"excerpt":{"rendered":"<p>Christean Wagner (CDU), gab 2005 als hessicher Justizminister eine denkw\u00c3\u00bcrdige Pressemitteilung heraus. Gar nicht so erstaunlicherweise war die zwar schon nach wenigen Tagen nicht mehr verf\u00c3\u00bcgbar, aber ein Kollege von mir hatte sie damals rechtzeitig selbst von der Homepage des Ministeriums heruntergeladen. Und mir heute gezeigt (Danke, Niels!). Der gro\u00c3\u0178artige Satz daraus lautet: &#8220;Die elektronische [&hellip;]<\/p>\n","protected":false},"author":1,"featured_media":0,"comment_status":"open","ping_status":"open","sticky":false,"template":"","format":"standard","meta":{"ngg_post_thumbnail":0,"footnotes":""},"categories":[83],"tags":[86,202,85,88,90,87],"class_list":["post-504","post","type-post","status-publish","format-standard","hentry","category-politik","tag-arbeitslose","tag-cdu","tag-elektronische-fusfesseln","tag-hessen","tag-justizminister","tag-missverstandnis"],"_links":{"self":[{"href":"https:\/\/arf1.de\/wordpress\/index.php?rest_route=\/wp\/v2\/posts\/504","targetHints":{"allow":["GET"]}}],"collection":[{"href":"https:\/\/arf1.de\/wordpress\/index.php?rest_route=\/wp\/v2\/posts"}],"about":[{"href":"https:\/\/arf1.de\/wordpress\/index.php?rest_route=\/wp\/v2\/types\/post"}],"author":[{"embeddable":true,"href":"https:\/\/arf1.de\/wordpress\/index.php?rest_route=\/wp\/v2\/users\/1"}],"replies":[{"embeddable":true,"href":"https:\/\/arf1.de\/wordpress\/index.php?rest_route=%2Fwp%2Fv2%2Fcomments&post=504"}],"version-history":[{"count":0,"href":"https:\/\/arf1.de\/wordpress\/index.php?rest_route=\/wp\/v2\/posts\/504\/revisions"}],"wp:attachment":[{"href":"https:\/\/arf1.de\/wordpress\/index.php?rest_route=%2Fwp%2Fv2%2Fmedia&parent=504"}],"wp:term":[{"taxonomy":"category","embeddable":true,"href":"https:\/\/arf1.de\/wordpress\/index.php?rest_route=%2Fwp%2Fv2%2Fcategories&post=504"},{"taxonomy":"post_tag","embeddable":true,"href":"https:\/\/arf1.de\/wordpress\/index.php?rest_route=%2Fwp%2Fv2%2Ftags&post=504"}],"curies":[{"name":"wp","href":"https:\/\/api.w.org\/{rel}","templated":true}]}}