{"id":537,"date":"2008-02-11T22:35:49","date_gmt":"2008-02-11T21:35:49","guid":{"rendered":"http:\/\/arf1.de\/wordpress\/?p=537"},"modified":"2008-02-12T13:57:30","modified_gmt":"2008-02-12T12:57:30","slug":"gelungene-aktion-gegen-rechtsextreme-prasenz","status":"publish","type":"post","link":"https:\/\/arf1.de\/wordpress\/?p=537","title":{"rendered":"Gelungene Aktion gegen rechtsextreme Pr\u00c3\u00a4senz"},"content":{"rendered":"<p>Im Vorfeld der vor kurzem abgehaltenen hessischen Landtagswahl hatten es die rechtsextremen Parteien nicht leicht. Landesweit, weil ihnen Roland Koch und seine Hessen-CDU mit einem <a href=\"http:\/\/daserste.ndr.de\/panorama\/archiv\/2008\/t_cid-4537360_mid-4545600_.html\" title=\"Video bei Panorama: Wer Deutsche beschimpft, fliegt raus - abenteuerliche Thesen in der Hessen-CDU\">latent(?) fremdenfeindlichen Wahlkampf<\/a> die W\u00c3\u00a4hler abspenstig machen wollten. An der Bergstra\u00c3\u0178e, zum Beispiel in Seeheim-Jugenheim, aus einem viel sch\u00c3\u00b6neren Grund:<!--more--><\/p>\n<p>Eine rechtsextreme Partei hatte bei der Gemeinde f\u00c3\u00bcr zwei Stunden den Aufbau eines Infostandes vor einem Supermarkt beantragt und genehmigt bekommen. Daraufhin fanden sich dort zum fraglichen Zeitpunkt rund 70 Gegendemonstranten (mit dabei mein Vater, der schon im Vorfeld mit Adleraugen auf die bei der Gemeinde angemeldeten Parteiauftritte geachtet hatte) ein, die soviel Pr\u00c3\u00a4senz zeigten, dass die Rechtextremen nach gerade mal einer halben Stunde unverrichteter Dinge wieder abzogen. Zum darauf folgenden Termin in Alsbach fuhren die Seeheim-Jugenheimer Gegendemonstranten dann auch gleich noch, so dass dort insgesamt sogar rund 200 Leute auf der Stra\u00c3\u0178e waren und die Rechtsextremen gar nicht erst versuchten, ihren Stand aufzubauen, wie auch <a href=\"http:\/\/echo-online.de\/3\/template_detail.php3?id=561529\" title=\"Echo Online: Demonstranten verhindern friedlich NPD-Auftritte\">das Echo berichtete<\/a>.<\/p>\n","protected":false},"excerpt":{"rendered":"<p>Im Vorfeld der vor kurzem abgehaltenen hessischen Landtagswahl hatten es die rechtsextremen Parteien nicht leicht. Landesweit, weil ihnen Roland Koch und seine Hessen-CDU mit einem latent(?) fremdenfeindlichen Wahlkampf die W\u00c3\u00a4hler abspenstig machen wollten. An der Bergstra\u00c3\u0178e, zum Beispiel in Seeheim-Jugenheim, aus einem viel sch\u00c3\u00b6neren Grund:<\/p>\n","protected":false},"author":1,"featured_media":0,"comment_status":"open","ping_status":"open","sticky":false,"template":"","format":"standard","meta":{"ngg_post_thumbnail":0,"footnotes":""},"categories":[2,83],"tags":[202,126,88,199,201,203,200],"class_list":["post-537","post","type-post","status-publish","format-standard","hentry","category-general","category-politik","tag-cdu","tag-demo","tag-hessen","tag-rechtsextremismus","tag-roland-koch","tag-seeheim-jugenheim","tag-wahl"],"_links":{"self":[{"href":"https:\/\/arf1.de\/wordpress\/index.php?rest_route=\/wp\/v2\/posts\/537","targetHints":{"allow":["GET"]}}],"collection":[{"href":"https:\/\/arf1.de\/wordpress\/index.php?rest_route=\/wp\/v2\/posts"}],"about":[{"href":"https:\/\/arf1.de\/wordpress\/index.php?rest_route=\/wp\/v2\/types\/post"}],"author":[{"embeddable":true,"href":"https:\/\/arf1.de\/wordpress\/index.php?rest_route=\/wp\/v2\/users\/1"}],"replies":[{"embeddable":true,"href":"https:\/\/arf1.de\/wordpress\/index.php?rest_route=%2Fwp%2Fv2%2Fcomments&post=537"}],"version-history":[{"count":0,"href":"https:\/\/arf1.de\/wordpress\/index.php?rest_route=\/wp\/v2\/posts\/537\/revisions"}],"wp:attachment":[{"href":"https:\/\/arf1.de\/wordpress\/index.php?rest_route=%2Fwp%2Fv2%2Fmedia&parent=537"}],"wp:term":[{"taxonomy":"category","embeddable":true,"href":"https:\/\/arf1.de\/wordpress\/index.php?rest_route=%2Fwp%2Fv2%2Fcategories&post=537"},{"taxonomy":"post_tag","embeddable":true,"href":"https:\/\/arf1.de\/wordpress\/index.php?rest_route=%2Fwp%2Fv2%2Ftags&post=537"}],"curies":[{"name":"wp","href":"https:\/\/api.w.org\/{rel}","templated":true}]}}