{"id":565,"date":"2008-04-08T13:59:07","date_gmt":"2008-04-08T11:59:07","guid":{"rendered":"http:\/\/arf1.de\/wordpress\/?p=565"},"modified":"2008-04-08T13:59:30","modified_gmt":"2008-04-08T11:59:30","slug":"verwandt-mit-adolf-wer-will-das-wissen","status":"publish","type":"post","link":"https:\/\/arf1.de\/wordpress\/?p=565","title":{"rendered":"Verwandt mit Adolf? Wer will das wissen?"},"content":{"rendered":"<p>Eben poppte mir im Netz diese Werbung entgegen:<!--more--><\/p>\n<p><img loading=\"lazy\" decoding=\"async\" class=\"aligncenter size-full wp-image-567\" title=\"Skurille Ahnenforschung\" src=\"http:\/\/arf1.de\/wordpress\/wp-content\/uploads\/2008\/04\/ahnenforschung-skurril.jpg\" alt=\"Werbung im Internet: Skurille Ahnenforschung\" width=\"430\" height=\"241\" srcset=\"https:\/\/arf1.de\/wordpress\/wp-content\/uploads\/2008\/04\/ahnenforschung-skurril.jpg 430w, https:\/\/arf1.de\/wordpress\/wp-content\/uploads\/2008\/04\/ahnenforschung-skurril-150x84.jpg 150w, https:\/\/arf1.de\/wordpress\/wp-content\/uploads\/2008\/04\/ahnenforschung-skurril-300x168.jpg 300w\" sizes=\"auto, (max-width: 430px) 100vw, 430px\" \/><\/p>\n<p>Oh jeh, was soll man dazu sagen? Hitler taugt auch heutzutage anscheinend nicht nur f\u00c3\u00bcr eine TV-Doku nach der anderen, sondern sogar als Aufh\u00c3\u00a4nger f\u00c3\u00bcr Online-Ahnenforschung. Es reicht jetzt. (Und damit meine ich nicht die Erinnerung an den zweiten Weltkrieg und den Holocaust, sondern diese Kultifizierung eines der gr\u00c3\u00b6\u00c3\u0178ten Arschl\u00c3\u00b6cher aller Zeiten.)<\/p>\n<p>Interessant ist auch, dass die Macher der Werbung es f\u00c3\u00bcr n\u00c3\u00b6tig erachten, Marilyn Monroe, Elvis Presley und Albert Einstein per Namenseinblendung zu identifizieren und anscheinend nur bei Hitler darauf bauen, dass er auch so erkannt wird.<\/p>\n","protected":false},"excerpt":{"rendered":"<p>Eben poppte mir im Netz diese Werbung entgegen:<\/p>\n","protected":false},"author":1,"featured_media":0,"comment_status":"open","ping_status":"open","sticky":false,"template":"","format":"standard","meta":{"ngg_post_thumbnail":0,"footnotes":""},"categories":[17],"tags":[272,214],"class_list":["post-565","post","type-post","status-publish","format-standard","hentry","category-im-netz","tag-ahnenforschung","tag-werbung"],"_links":{"self":[{"href":"https:\/\/arf1.de\/wordpress\/index.php?rest_route=\/wp\/v2\/posts\/565","targetHints":{"allow":["GET"]}}],"collection":[{"href":"https:\/\/arf1.de\/wordpress\/index.php?rest_route=\/wp\/v2\/posts"}],"about":[{"href":"https:\/\/arf1.de\/wordpress\/index.php?rest_route=\/wp\/v2\/types\/post"}],"author":[{"embeddable":true,"href":"https:\/\/arf1.de\/wordpress\/index.php?rest_route=\/wp\/v2\/users\/1"}],"replies":[{"embeddable":true,"href":"https:\/\/arf1.de\/wordpress\/index.php?rest_route=%2Fwp%2Fv2%2Fcomments&post=565"}],"version-history":[{"count":0,"href":"https:\/\/arf1.de\/wordpress\/index.php?rest_route=\/wp\/v2\/posts\/565\/revisions"}],"wp:attachment":[{"href":"https:\/\/arf1.de\/wordpress\/index.php?rest_route=%2Fwp%2Fv2%2Fmedia&parent=565"}],"wp:term":[{"taxonomy":"category","embeddable":true,"href":"https:\/\/arf1.de\/wordpress\/index.php?rest_route=%2Fwp%2Fv2%2Fcategories&post=565"},{"taxonomy":"post_tag","embeddable":true,"href":"https:\/\/arf1.de\/wordpress\/index.php?rest_route=%2Fwp%2Fv2%2Ftags&post=565"}],"curies":[{"name":"wp","href":"https:\/\/api.w.org\/{rel}","templated":true}]}}